{"id":3814,"date":"2022-08-12T14:20:05","date_gmt":"2022-08-12T12:20:05","guid":{"rendered":"https:\/\/kunej.com\/eng\/?p=3814"},"modified":"2023-11-07T08:56:18","modified_gmt":"2023-11-07T07:56:18","slug":"kunej-v-medijih","status":"publish","type":"post","link":"https:\/\/kunej.com\/eng\/kunej-v-medijih\/","title":{"rendered":"Kunej in the media"},"content":{"rendered":"\n<p><a href=\"https:\/\/www.youtube.com\/watch?v=_H1YSsQuvj0\" target=\"_blank\" rel=\"noreferrer noopener\"><strong>2018<\/strong>&nbsp;\u010cokoljana 2018 &#8211; Video predstavitev by MojaCokolada.si<\/a><br><br><a href=\"https:\/\/cekin.si\/clanek\/izobrazevanje_in_zaposlitev\/uspesne-zgodbe-cokoladno-vino-kunej.html?q=Kunej\" target=\"_blank\" rel=\"noreferrer noopener\"><strong>2018<\/strong>&nbsp;Cenik.si &#8211; Zdru\u017eil je dve pregrehi in uspel<\/a><br><br><a href=\"https:\/\/www.24ur.com\/video?video=62079241\" target=\"_blank\" rel=\"noreferrer noopener\"><strong>2018<\/strong>&nbsp;SVET na Kanalu A &#8211; Kombinacija vina in \u010dokolade<\/a><br><br><a href=\"https:\/\/www.posavskiobzornik.si\/panorama\/zakljucen-23-praznik-vina-sremiskih-vinogradnikov\" target=\"_blank\" rel=\"noreferrer noopener\"><strong>2018<\/strong>&nbsp;Zaklju\u010den 23. Praznik vina sremi\u0161kih vinogradnikov<\/a><br><br><a href=\"https:\/\/www.facebook.com\/oddajaDan\/videos\/206804406544340\/\" target=\"_blank\" rel=\"noreferrer noopener\"><strong>2018<\/strong>&nbsp;Planet TV &#8211; Oddaja Dan<\/a><br><br><a href=\"http:\/\/4d.rtvslo.si\/arhiv\/prava-ideja\/174504027\" target=\"_blank\" rel=\"noreferrer noopener\"><strong>2017<\/strong>&nbsp;Prava Ideja! na RTV Slovenija<\/a><br><br><a href=\"https:\/\/kunej.com\/eng\/pdf\/vrhunska-penina-primus-in-cosmos.pdf\" target=\"_blank\" rel=\"noreferrer noopener\"><strong>2016<\/strong>&nbsp;Sodelovanje s Primo\u017eem Kozmusom pri vrhunski penini Primus in Cosmos<\/a><br><br><a href=\"http:\/\/4d.rtvslo.si\/arhiv\/prvi-dnevnik\/174405295\" target=\"_blank\" rel=\"noreferrer noopener\"><strong>2016<\/strong>&nbsp;Hrva\u0161ko-slovensko sodelovanje podjetnikov (od 10:15 naprej)<\/a><br><br><a href=\"http:\/\/4d.rtvslo.si\/arhiv\/prispevki-in-izjave-tv-porocila\/174404147\" target=\"_blank\" rel=\"noreferrer noopener\"><strong>2016<\/strong>&nbsp;Olimje Festival vina in \u010dokolade<\/a><br><br><a href=\"http:\/\/www.lokalno.si\/2015\/05\/16\/134505\/zgodba\/Uspeh_Hise_trt_vina_in_cokolade_Kunej_na_prvem__festivalu_vina_in_cokolade_v_Olimju\/\" target=\"_blank\" rel=\"noreferrer noopener\"><strong>2015<\/strong>&nbsp;Olimje Festival vina in \u010dokolade<\/a><br><br><a href=\"http:\/\/4d.rtvslo.si\/arhiv\/na-lepse-oddaja-o-turizmu\/174323623\" target=\"_blank\" rel=\"noreferrer noopener\"><strong>2015<\/strong>&nbsp;RTV Slo oddaja Na lep\u0161e<\/a><br><br><a href=\"https:\/\/www.youtube.com\/watch?v=VtprBu4Fz6Estart=1822\" target=\"_blank\" rel=\"noreferrer noopener\"><strong>2015<\/strong>&nbsp;Magazin 100% Poduzetnik &#8211; od 18:13 naprej<\/a><br><br><a href=\"http:\/\/www.novilist.hr\/Scena\/Zagreb-Coffee-Chocofest-Cuda-od-cokolade\" target=\"_blank\" rel=\"noreferrer noopener\"><strong>2015<\/strong>&nbsp;Novilist.hr Zagreb Chocofest<\/a><br><br><a href=\"http:\/\/mojzagreb.info\/zagreb\/hrvatska\/zagreb-coffee-chocofest#.VNKl3PEe_lc.email\" target=\"_blank\" rel=\"noreferrer noopener\"><strong>2015<\/strong>&nbsp;Zagreb 4. Festival kave in \u010dokolade<\/a><br><br><br><a href=\"http:\/\/www.rtvslo.si\/lokalne-novice\/foto-prestolnica-v-objemu-cokolade-od-cokokebaba-do-cokoladnega-vina-in-piva\/321091\" target=\"_blank\" rel=\"noreferrer noopener\"><strong>26.10.2013<\/strong>&nbsp;Rtvslo.si &#8211; Prestolnica v objemu \u010dokolade &#8211; od \u010dokokebaba do \u010dokoladnega vina in piva<\/a><\/p>\n\n\n\n<p><br><a href=\"http:\/\/www.24ur.com\/ekskluziv\/zanimivosti\/foto-malo-drugacen-kebab-iz-cokolade.html\" target=\"_blank\" rel=\"noreferrer noopener\"><strong>26.10.2013<\/strong>&nbsp;24ur.com &#8211; Malodruga\u010den kebab &#8211; iz \u010dokolade!<\/a><br><br><a href=\"http:\/\/www.slovenskenovice.si\/lifestyle\/okusi\/vino-delajo-z-ekvadorsko-cokolado\" target=\"_blank\" rel=\"noreferrer noopener\"><strong>04.10.2013<\/strong>&nbsp;Slovenskenovice.si &#8211; Vino delajo z ekvadorsko \u010dokolado<\/a><br><br><a href=\"http:\/\/www.radio1.si\/strani\/Oddaje.aspx?ID=23507&amp;LNK=6\" target=\"_blank\" rel=\"noreferrer noopener\"><strong>16.9.2013<\/strong>&nbsp;Radio1.si &#8211; Poskusite \u010dokoladno vino!<\/a><br><br><a href=\"http:\/\/www.rtvslo.si\/lokalne-novice\/pridelali-prvo-cokoladno-vino-na-slovenskem\/317727\" target=\"_blank\" rel=\"noreferrer noopener\"><strong>15.9.2013<\/strong>&nbsp;RtvSlo.si &#8211; Pridelali prvo \u010dokoladno vino na Slovenskem<\/a><\/p>\n\n\n\n<p><br><a href=\"http:\/\/www.regionalobala.si\/novica\/slovenci-dobili-prvo-cokoladno-vino\" target=\"_blank\" rel=\"noreferrer noopener\"><strong>15.9.2013<\/strong>&nbsp;Regionalobala.si &#8211; Slovenci dobili prvo \u010dokoladno vino!<\/a><br><br><a href=\"http:\/\/www.dolenjskilist.si\/2013\/09\/13\/102937\/novice\/posavje\/Porocili_vino_in_cokolado_in_dobili_cokoladno_vino\/\" target=\"_blank\" rel=\"noreferrer noopener\"><strong>13.9.2013<\/strong>&nbsp;Dolenjskilist.si -&#8220;Poro\u010dili&#8221; vino in \u010dokolado in dobili \u010dokoladno vino<\/a><br><br><a href=\"http:\/\/www.lokalno.si\/2013\/06\/12\/98889\/zgodba\/Vpliv_trapistov_na_posavsko_podezelje_Trapistin\/\" target=\"_blank\" rel=\"noreferrer noopener\"><strong>12.6.2013<\/strong>&nbsp;Lokalno.si &#8211; Vpliv trapistov na posavsko pode\u017eelje &#8211; Trapistin<\/a><br><br><a href=\"http:\/\/www.finance.si\/8339606\/Dru%C5%BEina-Kunej-bo-v-gradu-Rajhenburg-o%C5%BEivila-%C4%8Dokoladnico\" target=\"_blank\" rel=\"noreferrer noopener\"><strong>6.5.2013<\/strong>&nbsp;Finance.si &#8211; Dru\u017eina Kunej bo v gradu Rajhenburg o\u017eivila \u010dokoladnico<\/a><br><br><a href=\"https:\/\/www.facebook.com\/media\/set\/?set=a.495335820487680.113097.187336904620908&amp;type=1\" target=\"_blank\" rel=\"noreferrer noopener\"><strong>20.10.2012<\/strong>&nbsp;Facebook.com &#8211; Kulinari\u010dni ve\u010der vPivnici Apolon Kr\u0161ko<\/a><br><br><\/p>\n","protected":false},"excerpt":{"rendered":"<p>2018&nbsp;\u010cokoljana 2018 &#8211; Video predstavitev by MojaCokolada.si 2018&nbsp;Cenik.si &#8211; Zdru\u017eil je dve pregrehi in uspel 2018&nbsp;SVET na Kanalu A &#8211; Kombinacija vina in \u010dokolade 2018&nbsp;Zaklju\u010den 23. Praznik vina sremi\u0161kih vinogradnikov 2018&nbsp;Planet TV &#8211; Oddaja Dan 2017&nbsp;Prava Ideja! na RTV Slovenija 2016&nbsp;Sodelovanje s Primo\u017eem Kozmusom pri vrhunski penini Primus in Cosmos 2016&nbsp;Hrva\u0161ko-slovensko sodelovanje podjetnikov (od 10:15 [&hellip;]<\/p>\n","protected":false},"author":3,"featured_media":2559,"comment_status":"open","ping_status":"open","sticky":false,"template":"","format":"standard","meta":{"_kad_blocks_custom_css":"","_kad_blocks_head_custom_js":"","_kad_blocks_body_custom_js":"","_kad_blocks_footer_custom_js":"","footnotes":""},"categories":[1],"tags":[],"class_list":["post-3814","post","type-post","status-publish","format-standard","has-post-thumbnail","hentry","category-nekategorizirano"],"blocksy_meta":{"styles_descriptor":{"styles":{"desktop":"","tablet":"","mobile":""},"google_fonts":[],"version":6}},"acf":[],"taxonomy_info":{"category":[{"value":1,"label":"Nekategorizirano"}]},"featured_image_src_large":["https:\/\/kunej.com\/eng\/wp-content\/uploads\/2022\/06\/photo015.png",600,400,false],"author_info":{"display_name":"david","author_link":"https:\/\/kunej.com\/eng\/author\/david\/"},"comment_info":0,"category_info":[{"term_id":1,"name":"Nekategorizirano","slug":"nekategorizirano","term_group":0,"term_taxonomy_id":1,"taxonomy":"category","description":"","parent":0,"count":4,"filter":"raw","term_order":"1","cat_ID":1,"category_count":4,"category_description":"","cat_name":"Nekategorizirano","category_nicename":"nekategorizirano","category_parent":0}],"tag_info":false,"_links":{"self":[{"href":"https:\/\/kunej.com\/eng\/wp-json\/wp\/v2\/posts\/3814","targetHints":{"allow":["GET"]}}],"collection":[{"href":"https:\/\/kunej.com\/eng\/wp-json\/wp\/v2\/posts"}],"about":[{"href":"https:\/\/kunej.com\/eng\/wp-json\/wp\/v2\/types\/post"}],"author":[{"embeddable":true,"href":"https:\/\/kunej.com\/eng\/wp-json\/wp\/v2\/users\/3"}],"replies":[{"embeddable":true,"href":"https:\/\/kunej.com\/eng\/wp-json\/wp\/v2\/comments?post=3814"}],"version-history":[{"count":3,"href":"https:\/\/kunej.com\/eng\/wp-json\/wp\/v2\/posts\/3814\/revisions"}],"predecessor-version":[{"id":4435,"href":"https:\/\/kunej.com\/eng\/wp-json\/wp\/v2\/posts\/3814\/revisions\/4435"}],"wp:featuredmedia":[{"embeddable":true,"href":"https:\/\/kunej.com\/eng\/wp-json\/wp\/v2\/media\/2559"}],"wp:attachment":[{"href":"https:\/\/kunej.com\/eng\/wp-json\/wp\/v2\/media?parent=3814"}],"wp:term":[{"taxonomy":"category","embeddable":true,"href":"https:\/\/kunej.com\/eng\/wp-json\/wp\/v2\/categories?post=3814"},{"taxonomy":"post_tag","embeddable":true,"href":"https:\/\/kunej.com\/eng\/wp-json\/wp\/v2\/tags?post=3814"}],"curies":[{"name":"wp","href":"https:\/\/api.w.org\/{rel}","templated":true}]}}